{"id":398,"date":"2015-03-06T10:34:53","date_gmt":"2015-03-06T08:34:53","guid":{"rendered":"http:\/\/cpfp-mbour.com\/?p=398"},"modified":"2025-08-25T18:42:42","modified_gmt":"2025-08-25T16:42:42","slug":"nouvelles","status":"publish","type":"post","link":"https:\/\/cpfp-mbour.com\/?p=398","title":{"rendered":"Nouvelles"},"content":{"rendered":"<p><span style=\"color: #ff0000;\"><strong>AMPHI DE RENTR\u00c9E 2025-2026<\/strong><\/span><\/p>\n<p><strong>L&rsquo;Amphi de rentr\u00e9e 2025-2026 est pr\u00e9vu le lundi<span style=\"color: #ff0000;\"> 10 Novembre 2025 \u00e0 08h30<\/span>. La Direction du Complexe Priv\u00e9 de Formation Professionnelle de Mbour vous souhaite une excellente ann\u00e9e scolaire 2025-2026.<\/strong><\/p>\n<h2 data-start=\"191\" data-end=\"231\"><span style=\"color: #ff0000;\">Pourquoi choisir le CPFP de Mbour ?<\/span><\/h2>\n<h3 data-start=\"233\" data-end=\"289\"><span style=\"color: #0000ff;\">Une formation qui ouvre des opportunit\u00e9s concr\u00e8tes<\/span><\/h3>\n<p data-start=\"291\" data-end=\"623\">Au <strong data-start=\"294\" data-end=\"357\">Complexe Priv\u00e9 de Formation Professionnelle (CPFP) de Mbour<\/strong>, nous pr\u00e9parons les jeunes \u00e0 devenir des professionnels comp\u00e9tents et entreprenants. Nos programmes sont con\u00e7us pour r\u00e9pondre aux besoins du march\u00e9 du travail et permettre \u00e0 chaque \u00e9tudiant de d\u00e9velopper des comp\u00e9tences pratiques et strat\u00e9giques dans son domaine.<\/p>\n<h3 data-start=\"625\" data-end=\"670\"><span style=\"color: #0000ff;\">Un accompagnement post-formation unique<\/span><\/h3>\n<p data-start=\"672\" data-end=\"1096\">Au CPFP de Mbour, notre engagement ne s\u2019arr\u00eate pas \u00e0 la remise des dipl\u00f4mes. Gr\u00e2ce \u00e0 notre partenariat avec l\u2019ONG <strong data-start=\"786\" data-end=\"793\">EDC avec le programme APTE (Am\u00e9lioration des Performances de Travail et d&rsquo;Entreprenariat au S\u00e9n\u00e9gal)<\/strong>, les dipl\u00f4m\u00e9s ont l\u2019opportunit\u00e9 de concr\u00e9tiser leurs projets professionnels. L\u2019EDC finance des initiatives des jeunes dipl\u00f4m\u00e9s pour la cr\u00e9ation de leurs propres <strong data-start=\"955\" data-end=\"992\">activit\u00e9s g\u00e9n\u00e9ratrices de revenus<\/strong>, permettant ainsi \u00e0 nos \u00e9tudiants de devenir <strong data-start=\"1038\" data-end=\"1068\">entrepreneurs ind\u00e9pendants<\/strong> d\u00e8s la sortie de l\u2019\u00e9cole.<\/p>\n<h3 data-start=\"1098\" data-end=\"1149\"><span style=\"color: #0000ff;\">Pour les parents et les jeunes : un choix s\u00fbr<\/span><\/h3>\n<p data-start=\"1151\" data-end=\"1200\">Orienter votre enfant au CPFP de Mbour, c\u2019est :<\/p>\n<ul data-start=\"1201\" data-end=\"1473\">\n<li data-start=\"1201\" data-end=\"1286\">\n<p data-start=\"1203\" data-end=\"1286\">Garantir une <strong data-start=\"1216\" data-end=\"1240\">formation de qualit\u00e9<\/strong>, pratique et adapt\u00e9e aux besoins du march\u00e9.<\/p>\n<\/li>\n<li data-start=\"1287\" data-end=\"1376\">\n<p data-start=\"1289\" data-end=\"1376\">Offrir des <strong data-start=\"1300\" data-end=\"1325\">perspectives d\u2019emploi<\/strong> ou la possibilit\u00e9 de cr\u00e9er sa propre entreprise.<\/p>\n<\/li>\n<li data-start=\"1377\" data-end=\"1473\">\n<p data-start=\"1379\" data-end=\"1473\">B\u00e9n\u00e9ficier d\u2019un <strong data-start=\"1395\" data-end=\"1426\">accompagnement personnalis\u00e9<\/strong> et d\u2019un soutien pour r\u00e9aliser ses ambitions.<\/p>\n<\/li>\n<\/ul>\n<h3 data-start=\"1475\" data-end=\"1504\"><span style=\"color: #0000ff;\">T\u00e9moignages de r\u00e9ussite<\/span><\/h3>\n<p data-start=\"1506\" data-end=\"1718\">Nos dipl\u00f4m\u00e9s t\u00e9moignent : gr\u00e2ce au soutien de l\u2019EDC et aux comp\u00e9tences acquises au CPFP de Mbour, ils ont pu lancer leurs projets, cr\u00e9er des emplois et contribuer activement au d\u00e9veloppement de leur communaut\u00e9.<\/p>\n<p data-start=\"1720\" data-end=\"1806\"><strong data-start=\"1720\" data-end=\"1804\">Le CPFP de Mbour, c\u2019est plus qu\u2019une formation : c\u2019est un tremplin vers l\u2019avenir.<\/strong><\/p>\n<p><span style=\"color: #ff0000;\"><strong>AMPHI DE RENTR\u00c9E 2024-2025<\/strong><\/span><\/p>\n<p><span style=\"color: #000000;\"><strong>L&rsquo;Amphi de rentr\u00e9e 2024-2025 est pr\u00e9vu le lundi 04 Novembre 2024 \u00e0 08h30. La Direction du Complexe Priv\u00e9 de Formation Professionnelle de Mbour vous souhaite une excellente ann\u00e9e scolaire 2024-2025.<\/strong><\/span><\/p>\n<h3><span style=\"color: #0000ff;\"><strong>Nouvelle Orientation du Complexe CPFP<br \/>\n<\/strong><\/span><\/h3>\n<p><strong>Apr\u00e8s avoir ins\u00e9r\u00e9 des anciens \u00e9tudiants dans des restaurants en Bretagne en France, le Directeur du Complexe CPFP de Mbour fait une visite de routine au Pouliguen et au Groupe FIM de Cherbourg avant de s&rsquo;envoler en Suisse pour l\u2019\u00c9cole H\u00f4teli\u00e8re de Gen\u00e8ve. Les employeurs des professionnels du Complexe Priv\u00e9 de Formation Professionnelle de Mbour ont tous \u00e0 l&rsquo;unanimit\u00e9 prouv\u00e9 leur satisfaction totale : \u00ab\u00a0Ils sont meilleurs que nos jeunes form\u00e9s en France\u00a0\u00bb. Encore une fiert\u00e9 de nos brillants professeurs et encadreurs du CPFP de Mbour. L&rsquo;Excellence au Service d&rsquo;une Profession !<\/strong><\/p>\n<p><a href=\"http:\/\/www.cpfp-mbour.com\/http:\/\/cpfp-mbour.com\/wp-content\/uploads\/2015\/03\/fim_23.jpg\"><img loading=\"lazy\" decoding=\"async\" class=\"alignnone wp-image-834\" src=\"http:\/\/www.cpfp-mbour.com\/http:\/\/cpfp-mbour.com\/wp-content\/uploads\/2015\/03\/fim_23-300x224.jpg\" alt=\"\" width=\"611\" height=\"456\" srcset=\"http:\/\/www.cpfp-mbour.com\/http:\/\/cpfp-mbour.com\/wp-content\/uploads\/2015\/03\/fim_23-300x224.jpg 300w, http:\/\/www.cpfp-mbour.com\/http:\/\/cpfp-mbour.com\/wp-content\/uploads\/2015\/03\/fim_23-1024x766.jpg 1024w, http:\/\/www.cpfp-mbour.com\/http:\/\/cpfp-mbour.com\/wp-content\/uploads\/2015\/03\/fim_23-768x575.jpg 768w, http:\/\/www.cpfp-mbour.com\/http:\/\/cpfp-mbour.com\/wp-content\/uploads\/2015\/03\/fim_23-1536x1149.jpg 1536w, http:\/\/www.cpfp-mbour.com\/http:\/\/cpfp-mbour.com\/wp-content\/uploads\/2015\/03\/fim_23.jpg 1600w\" sizes=\"auto, (max-width: 611px) 100vw, 611px\" \/><\/a><a href=\"http:\/\/www.cpfp-mbour.com\/http:\/\/cpfp-mbour.com\/wp-content\/uploads\/2015\/03\/Fim1_23.jpg\"><img loading=\"lazy\" decoding=\"async\" class=\"alignnone wp-image-837\" src=\"http:\/\/www.cpfp-mbour.com\/http:\/\/cpfp-mbour.com\/wp-content\/uploads\/2015\/03\/Fim1_23-300x224.jpg\" alt=\"\" width=\"610\" height=\"455\" srcset=\"http:\/\/www.cpfp-mbour.com\/http:\/\/cpfp-mbour.com\/wp-content\/uploads\/2015\/03\/Fim1_23-300x224.jpg 300w, http:\/\/www.cpfp-mbour.com\/http:\/\/cpfp-mbour.com\/wp-content\/uploads\/2015\/03\/Fim1_23-1024x766.jpg 1024w, http:\/\/www.cpfp-mbour.com\/http:\/\/cpfp-mbour.com\/wp-content\/uploads\/2015\/03\/Fim1_23-1536x1149.jpg 1536w, http:\/\/www.cpfp-mbour.com\/http:\/\/cpfp-mbour.com\/wp-content\/uploads\/2015\/03\/Fim1_23.jpg 1600w\" sizes=\"auto, (max-width: 610px) 100vw, 610px\" \/><\/a><a href=\"http:\/\/www.cpfp-mbour.com\/http:\/\/cpfp-mbour.com\/wp-content\/uploads\/2015\/03\/plat_FIM_23-rotated.jpg\"><img loading=\"lazy\" decoding=\"async\" class=\"alignnone wp-image-838\" src=\"http:\/\/www.cpfp-mbour.com\/http:\/\/cpfp-mbour.com\/wp-content\/uploads\/2015\/03\/plat_FIM_23-300x225.jpg\" alt=\"\" width=\"556\" height=\"417\" srcset=\"http:\/\/www.cpfp-mbour.com\/http:\/\/cpfp-mbour.com\/wp-content\/uploads\/2015\/03\/plat_FIM_23-300x225.jpg 300w, http:\/\/www.cpfp-mbour.com\/http:\/\/cpfp-mbour.com\/wp-content\/uploads\/2015\/03\/plat_FIM_23-1024x768.jpg 1024w, http:\/\/www.cpfp-mbour.com\/http:\/\/cpfp-mbour.com\/wp-content\/uploads\/2015\/03\/plat_FIM_23-768x576.jpg 768w, http:\/\/www.cpfp-mbour.com\/http:\/\/cpfp-mbour.com\/wp-content\/uploads\/2015\/03\/plat_FIM_23-1536x1152.jpg 1536w, http:\/\/www.cpfp-mbour.com\/http:\/\/cpfp-mbour.com\/wp-content\/uploads\/2015\/03\/plat_FIM_23-rotated.jpg 1600w\" sizes=\"auto, (max-width: 556px) 100vw, 556px\" \/><\/a><\/p>\n<h3>&nbsp;<span style=\"text-decoration: underline;\"><span style=\"color: #0000ff; text-decoration: underline;\"><strong>INVITATION A GENEVE 2017<br \/>\n<\/strong><\/span><\/span><\/h3>\n<ul>\n<li>\n<h6>L&rsquo;inauguration des nouveaux locaux de l&rsquo;Ecole H\u00f4teli\u00e8re de Gen\u00e8ve est marqu\u00e9e par la pr\u00e9sence du Directeur G\u00e9n\u00e9ral du Complexe Priv\u00e9 de Formation Professionnelle de Mbour. Les deux amis ont appel\u00e9 \u00e0 toutes les entit\u00e9s de formation professionnelle \u00e0 mettre de la qualit\u00e9 au service d&rsquo;une profession :<span style=\"color: #0000ff;\">&nbsp;le jeudi 19 Janvier 2017 \u00e0 17h<\/span><\/h6>\n<\/li>\n<\/ul>\n<p><img loading=\"lazy\" decoding=\"async\" class=\"alignleft wp-image-567\" src=\"http:\/\/www.cpfp-mbour.com\/http:\/\/cpfp-mbour.com\/wp-content\/uploads\/2015\/03\/EHG_Brunier_Sarr.jpg\" alt=\"\" width=\"606\" height=\"403\" srcset=\"http:\/\/www.cpfp-mbour.com\/http:\/\/cpfp-mbour.com\/wp-content\/uploads\/2015\/03\/EHG_Brunier_Sarr.jpg 4512w, http:\/\/www.cpfp-mbour.com\/http:\/\/cpfp-mbour.com\/wp-content\/uploads\/2015\/03\/EHG_Brunier_Sarr-300x199.jpg 300w, http:\/\/www.cpfp-mbour.com\/http:\/\/cpfp-mbour.com\/wp-content\/uploads\/2015\/03\/EHG_Brunier_Sarr-768x511.jpg 768w, http:\/\/www.cpfp-mbour.com\/http:\/\/cpfp-mbour.com\/wp-content\/uploads\/2015\/03\/EHG_Brunier_Sarr-1024x681.jpg 1024w\" sizes=\"auto, (max-width: 606px) 100vw, 606px\" \/><\/p>\n<p><a href=\"http:\/\/www.cpfp-mbour.com\/http:\/\/cpfp-mbour.com\/wp-content\/uploads\/2015\/03\/20160915_123948.jpg\" rel=\"attachment wp-att-545\"><img loading=\"lazy\" decoding=\"async\" class=\"alignleft wp-image-545\" src=\"http:\/\/www.cpfp-mbour.com\/http:\/\/cpfp-mbour.com\/wp-content\/uploads\/2015\/03\/20160915_123948.jpg\" alt=\"\" width=\"605\" height=\"340\" srcset=\"http:\/\/www.cpfp-mbour.com\/http:\/\/cpfp-mbour.com\/wp-content\/uploads\/2015\/03\/20160915_123948.jpg 5312w, http:\/\/www.cpfp-mbour.com\/http:\/\/cpfp-mbour.com\/wp-content\/uploads\/2015\/03\/20160915_123948-300x169.jpg 300w, http:\/\/www.cpfp-mbour.com\/http:\/\/cpfp-mbour.com\/wp-content\/uploads\/2015\/03\/20160915_123948-768x432.jpg 768w, http:\/\/www.cpfp-mbour.com\/http:\/\/cpfp-mbour.com\/wp-content\/uploads\/2015\/03\/20160915_123948-1024x576.jpg 1024w\" sizes=\"auto, (max-width: 605px) 100vw, 605px\" \/><\/a><\/p>\n<h3>&nbsp;<\/h3>\n","protected":false},"excerpt":{"rendered":"<p>AMPHI DE RENTR\u00c9E 2025-2026 L&rsquo;Amphi de rentr\u00e9e 2025-2026 est pr\u00e9vu le lundi 10 Novembre 2025 \u00e0 08h30. La Direction du Complexe Priv\u00e9 de Formation Professionnelle de Mbour vous souhaite une excellente ann\u00e9e scolaire 2025-2026. Pourquoi choisir le CPFP de Mbour ? Une formation qui ouvre des opportunit\u00e9s concr\u00e8tes Au Complexe Priv\u00e9 de Formation Professionnelle (CPFP) [&hellip;]<\/p>\n","protected":false},"author":1,"featured_media":0,"comment_status":"open","ping_status":"open","sticky":false,"template":"","format":"standard","meta":{"ngg_post_thumbnail":0,"footnotes":""},"categories":[1],"tags":[],"class_list":["post-398","post","type-post","status-publish","format-standard","hentry","category-non-classe"],"_links":{"self":[{"href":"https:\/\/cpfp-mbour.com\/index.php?rest_route=\/wp\/v2\/posts\/398","targetHints":{"allow":["GET"]}}],"collection":[{"href":"https:\/\/cpfp-mbour.com\/index.php?rest_route=\/wp\/v2\/posts"}],"about":[{"href":"https:\/\/cpfp-mbour.com\/index.php?rest_route=\/wp\/v2\/types\/post"}],"author":[{"embeddable":true,"href":"https:\/\/cpfp-mbour.com\/index.php?rest_route=\/wp\/v2\/users\/1"}],"replies":[{"embeddable":true,"href":"https:\/\/cpfp-mbour.com\/index.php?rest_route=%2Fwp%2Fv2%2Fcomments&post=398"}],"version-history":[{"count":47,"href":"https:\/\/cpfp-mbour.com\/index.php?rest_route=\/wp\/v2\/posts\/398\/revisions"}],"predecessor-version":[{"id":899,"href":"https:\/\/cpfp-mbour.com\/index.php?rest_route=\/wp\/v2\/posts\/398\/revisions\/899"}],"wp:attachment":[{"href":"https:\/\/cpfp-mbour.com\/index.php?rest_route=%2Fwp%2Fv2%2Fmedia&parent=398"}],"wp:term":[{"taxonomy":"category","embeddable":true,"href":"https:\/\/cpfp-mbour.com\/index.php?rest_route=%2Fwp%2Fv2%2Fcategories&post=398"},{"taxonomy":"post_tag","embeddable":true,"href":"https:\/\/cpfp-mbour.com\/index.php?rest_route=%2Fwp%2Fv2%2Ftags&post=398"}],"curies":[{"name":"wp","href":"https:\/\/api.w.org\/{rel}","templated":true}]}}